{"id":17797,"date":"2020-09-18T13:17:25","date_gmt":"2020-09-18T13:17:25","guid":{"rendered":"http:\/\/herway.net\/?p=17797"},"modified":"2021-08-12T07:52:05","modified_gmt":"2021-08-12T07:52:05","slug":"8-sinais-de-que-foi-emocionalmente-negligenciado-em-crianca-e-como-isso-o-afecta-agora","status":"publish","type":"post","link":"https:\/\/herway.net\/pt\/8-sinais-de-que-foi-emocionalmente-negligenciado-em-crianca-e-como-isso-o-afecta-agora\/","title":{"rendered":"8 sinais de que voc\u00ea foi emocionalmente negligenciado quando crian\u00e7a (e como isso o afeta agora)"},"content":{"rendered":"<p>When you don\u2019t get what you need in your childhood, it can affect your adulthood in negative ways. If your parents missed all your signs for help and if they didn\u2019t give you all the love and affection that you craved as a child, it is normal that behavior like that will leave deep scars and that you will doubt all that you do. You will constantly seek proof that you are good enough and you won\u2019t open up to people as much as they open up to you.<\/p>\n<p>Infelizmente, h\u00e1 tantos <a href=\"https:\/\/www.yourtango.com\/2017306801\/10-signs-you-were-neglected-child-and-lessons-youll-learn-it\" rel=\"noopener\">crian\u00e7as emocionalmente negligenciadas<\/a> Hoje em dia, isso pode acontecer devido a uma s\u00e9rie de raz\u00f5es. Alguns deles s\u00e3o filhos de pais divorciados, narcisistas, demasiado r\u00edgidos ou ausentes. E todas essas coisas fizeram com que essas crian\u00e7as acreditassem que estavam a fazer algo de errado e que n\u00e3o eram suficientemente boas.<\/p>\n<p>Se se questiona se foi emocionalmente negligenciado na sua inf\u00e2ncia, verifique os seguintes sinais para o ajudar a perceber se precisa mesmo de ajuda ou n\u00e3o.<\/p>\n<h2 class=\"numbered-headline reset\">Est\u00e1 sempre a lutar para se abrir com as pessoas<\/h2>\n<p><img loading=\"lazy\" decoding=\"async\" class=\"size-full wp-image-122026 aligncenter\" src=\"https:\/\/herway.net\/wp-content\/uploads\/2018\/04\/the-woman-sits-drinking-coffee-and-looking-out-the-window.jpg\" alt=\"a mulher est\u00e1 sentada a beber caf\u00e9 e a olhar pela janela\" width=\"1600\" height=\"1068\" srcset=\"https:\/\/herway.net\/wp-content\/uploads\/2018\/04\/the-woman-sits-drinking-coffee-and-looking-out-the-window.jpg 1600w, https:\/\/herway.net\/wp-content\/uploads\/2018\/04\/the-woman-sits-drinking-coffee-and-looking-out-the-window-300x200.jpg 300w, https:\/\/herway.net\/wp-content\/uploads\/2018\/04\/the-woman-sits-drinking-coffee-and-looking-out-the-window-1024x684.jpg 1024w, https:\/\/herway.net\/wp-content\/uploads\/2018\/04\/the-woman-sits-drinking-coffee-and-looking-out-the-window-768x513.jpg 768w, https:\/\/herway.net\/wp-content\/uploads\/2018\/04\/the-woman-sits-drinking-coffee-and-looking-out-the-window-1536x1025.jpg 1536w, https:\/\/herway.net\/wp-content\/uploads\/2018\/04\/the-woman-sits-drinking-coffee-and-looking-out-the-window-150x100.jpg 150w, https:\/\/herway.net\/wp-content\/uploads\/2018\/04\/the-woman-sits-drinking-coffee-and-looking-out-the-window-720x481.jpg 720w, https:\/\/herway.net\/wp-content\/uploads\/2018\/04\/the-woman-sits-drinking-coffee-and-looking-out-the-window-1280x854.jpg 1280w\" sizes=\"auto, (max-width: 1600px) 100vw, 1600px\" \/><\/p>\n<p>Do you have the constant feeling that you should always help others but you never share your problems with them? If your answer is positive, it can be a sign that you were an emotionally neglected child. This happens because you were a child who needed help and assistance, but you never got them and now you don\u2019t ask for them from others. You think that nobody will listen to you and that the rest of the people, like your parents did, will fail to help you.<\/p>\n<h2 class=\"numbered-headline\">Sentir-se imperfeito<\/h2>\n<p><img loading=\"lazy\" decoding=\"async\" class=\"size-full wp-image-122035 aligncenter\" src=\"https:\/\/herway.net\/wp-content\/uploads\/2018\/04\/the-woman-sits-on-the-pier-with-her-back-turned.jpg\" alt=\"a mulher senta-se no cais com as costas viradas\" width=\"1600\" height=\"1068\" srcset=\"https:\/\/herway.net\/wp-content\/uploads\/2018\/04\/the-woman-sits-on-the-pier-with-her-back-turned.jpg 1600w, https:\/\/herway.net\/wp-content\/uploads\/2018\/04\/the-woman-sits-on-the-pier-with-her-back-turned-300x200.jpg 300w, https:\/\/herway.net\/wp-content\/uploads\/2018\/04\/the-woman-sits-on-the-pier-with-her-back-turned-1024x684.jpg 1024w, https:\/\/herway.net\/wp-content\/uploads\/2018\/04\/the-woman-sits-on-the-pier-with-her-back-turned-768x513.jpg 768w, https:\/\/herway.net\/wp-content\/uploads\/2018\/04\/the-woman-sits-on-the-pier-with-her-back-turned-1536x1025.jpg 1536w, https:\/\/herway.net\/wp-content\/uploads\/2018\/04\/the-woman-sits-on-the-pier-with-her-back-turned-150x100.jpg 150w, https:\/\/herway.net\/wp-content\/uploads\/2018\/04\/the-woman-sits-on-the-pier-with-her-back-turned-720x481.jpg 720w, https:\/\/herway.net\/wp-content\/uploads\/2018\/04\/the-woman-sits-on-the-pier-with-her-back-turned-1280x854.jpg 1280w\" sizes=\"auto, (max-width: 1600px) 100vw, 1600px\" \/><\/p>\n<p>For you, all the people around you are perfect but that is not what you think about yourself. You feel that something is missing, but you can\u2019t figure out what. There is always some bad feeling and you can\u2019t get rid of it. So, you keep asking yourself what to do to feel better and you sometimes find help in the wrong places. You feel that you have a problem and that you are not likeable. You think that people won\u2019t like you because <a href=\"https:\/\/herway.net\/pt\/life\/read-constantly-thinking-not-good-enough\/\">n\u00e3o \u00e9s suficientemente bom.<\/a><\/p>\n<h2 class=\"numbered-headline\">Tem problemas em expressar as suas emo\u00e7\u00f5es<\/h2>\n<p><img loading=\"lazy\" decoding=\"async\" class=\"size-full wp-image-122036 aligncenter\" src=\"https:\/\/herway.net\/wp-content\/uploads\/2018\/04\/a-woman-sitting-by-the-window.jpg\" alt=\"uma mulher sentada \u00e0 janela\" width=\"1600\" height=\"1068\" srcset=\"https:\/\/herway.net\/wp-content\/uploads\/2018\/04\/a-woman-sitting-by-the-window.jpg 1600w, https:\/\/herway.net\/wp-content\/uploads\/2018\/04\/a-woman-sitting-by-the-window-300x200.jpg 300w, https:\/\/herway.net\/wp-content\/uploads\/2018\/04\/a-woman-sitting-by-the-window-1024x684.jpg 1024w, https:\/\/herway.net\/wp-content\/uploads\/2018\/04\/a-woman-sitting-by-the-window-768x513.jpg 768w, https:\/\/herway.net\/wp-content\/uploads\/2018\/04\/a-woman-sitting-by-the-window-1536x1025.jpg 1536w, https:\/\/herway.net\/wp-content\/uploads\/2018\/04\/a-woman-sitting-by-the-window-150x100.jpg 150w, https:\/\/herway.net\/wp-content\/uploads\/2018\/04\/a-woman-sitting-by-the-window-720x481.jpg 720w, https:\/\/herway.net\/wp-content\/uploads\/2018\/04\/a-woman-sitting-by-the-window-1280x854.jpg 1280w\" sizes=\"auto, (max-width: 1600px) 100vw, 1600px\" \/><\/p>\n<p>Do you feel all frozen in a stressful situation, not knowing what to say? Do you question people\u2019s behaviors just like your own too many times? If this is what happens to you on a daily basis, it is a sign that you were an emotionally neglected child and that you have issues from your past. Whatever you do, you just can\u2019t relax and you don\u2019t know what to do about it.<\/p>\n<h2 class=\"numbered-headline\">Tem uma baixa autoestima<\/h2>\n<p><img loading=\"lazy\" decoding=\"async\" class=\"size-full wp-image-122037 aligncenter\" src=\"https:\/\/herway.net\/wp-content\/uploads\/2018\/04\/a-woman-with-long-brown-hair-is-sitting.jpg\" alt=\"uma mulher com cabelo castanho comprido est\u00e1 sentada\" width=\"1600\" height=\"1068\" srcset=\"https:\/\/herway.net\/wp-content\/uploads\/2018\/04\/a-woman-with-long-brown-hair-is-sitting.jpg 1600w, https:\/\/herway.net\/wp-content\/uploads\/2018\/04\/a-woman-with-long-brown-hair-is-sitting-300x200.jpg 300w, https:\/\/herway.net\/wp-content\/uploads\/2018\/04\/a-woman-with-long-brown-hair-is-sitting-1024x684.jpg 1024w, https:\/\/herway.net\/wp-content\/uploads\/2018\/04\/a-woman-with-long-brown-hair-is-sitting-768x513.jpg 768w, https:\/\/herway.net\/wp-content\/uploads\/2018\/04\/a-woman-with-long-brown-hair-is-sitting-1536x1025.jpg 1536w, https:\/\/herway.net\/wp-content\/uploads\/2018\/04\/a-woman-with-long-brown-hair-is-sitting-150x100.jpg 150w, https:\/\/herway.net\/wp-content\/uploads\/2018\/04\/a-woman-with-long-brown-hair-is-sitting-720x481.jpg 720w, https:\/\/herway.net\/wp-content\/uploads\/2018\/04\/a-woman-with-long-brown-hair-is-sitting-1280x854.jpg 1280w\" sizes=\"auto, (max-width: 1600px) 100vw, 1600px\" \/><\/p>\n<p>Because of this trauma from your past, you have a lack of self-love. For you, other people are perfect but you are not. You keep thinking that you should improve yourself, but you don\u2019t know how. You don\u2019t cherish your empathy for others and your strengths to do things you think you are not capable of doing. You simply can\u2019t see how amazing you are and it is all because of the mistakes of your parents.<\/p>\n<h2 class=\"numbered-headline\">\u00c9 muito sens\u00edvel<\/h2>\n<p><img loading=\"lazy\" decoding=\"async\" class=\"size-full wp-image-122038 aligncenter\" src=\"https:\/\/herway.net\/wp-content\/uploads\/2018\/04\/the-woman-sits-with-long-brown-hair.jpg\" alt=\"a mulher senta-se com longos cabelos castanhos\" width=\"1600\" height=\"1068\" srcset=\"https:\/\/herway.net\/wp-content\/uploads\/2018\/04\/the-woman-sits-with-long-brown-hair.jpg 1600w, https:\/\/herway.net\/wp-content\/uploads\/2018\/04\/the-woman-sits-with-long-brown-hair-300x200.jpg 300w, https:\/\/herway.net\/wp-content\/uploads\/2018\/04\/the-woman-sits-with-long-brown-hair-1024x684.jpg 1024w, https:\/\/herway.net\/wp-content\/uploads\/2018\/04\/the-woman-sits-with-long-brown-hair-768x513.jpg 768w, https:\/\/herway.net\/wp-content\/uploads\/2018\/04\/the-woman-sits-with-long-brown-hair-1536x1025.jpg 1536w, https:\/\/herway.net\/wp-content\/uploads\/2018\/04\/the-woman-sits-with-long-brown-hair-150x100.jpg 150w, https:\/\/herway.net\/wp-content\/uploads\/2018\/04\/the-woman-sits-with-long-brown-hair-720x481.jpg 720w, https:\/\/herway.net\/wp-content\/uploads\/2018\/04\/the-woman-sits-with-long-brown-hair-1280x854.jpg 1280w\" sizes=\"auto, (max-width: 1600px) 100vw, 1600px\" \/><\/p>\n<p>\u00c9 sens\u00edvel a tudo mas, sobretudo, \u00e9 sens\u00edvel \u00e0 rejei\u00e7\u00e3o. Quando algu\u00e9m lhe diz que deve melhorar, pensa imediatamente que as coisas est\u00e3o muito m\u00e1s e pensa no pior cen\u00e1rio poss\u00edvel. S\u00f3 porque algu\u00e9m faz uma cr\u00edtica construtiva, sente-se ofendido e pensa que n\u00e3o \u00e9 suficientemente bom.<\/p>\n<h2 class=\"numbered-headline\">Diverte-se mais quando est\u00e1 sozinho<\/h2>\n<p><img loading=\"lazy\" decoding=\"async\" class=\"size-full wp-image-122039 aligncenter\" src=\"https:\/\/herway.net\/wp-content\/uploads\/2018\/04\/a-woman-with-long-brown-hair-sets-the-field.jpg\" alt=\"uma mulher com cabelo castanho comprido prepara o terreno\" width=\"1600\" height=\"1068\" srcset=\"https:\/\/herway.net\/wp-content\/uploads\/2018\/04\/a-woman-with-long-brown-hair-sets-the-field.jpg 1600w, https:\/\/herway.net\/wp-content\/uploads\/2018\/04\/a-woman-with-long-brown-hair-sets-the-field-300x200.jpg 300w, https:\/\/herway.net\/wp-content\/uploads\/2018\/04\/a-woman-with-long-brown-hair-sets-the-field-1024x684.jpg 1024w, https:\/\/herway.net\/wp-content\/uploads\/2018\/04\/a-woman-with-long-brown-hair-sets-the-field-768x513.jpg 768w, https:\/\/herway.net\/wp-content\/uploads\/2018\/04\/a-woman-with-long-brown-hair-sets-the-field-1536x1025.jpg 1536w, https:\/\/herway.net\/wp-content\/uploads\/2018\/04\/a-woman-with-long-brown-hair-sets-the-field-150x100.jpg 150w, https:\/\/herway.net\/wp-content\/uploads\/2018\/04\/a-woman-with-long-brown-hair-sets-the-field-720x481.jpg 720w, https:\/\/herway.net\/wp-content\/uploads\/2018\/04\/a-woman-with-long-brown-hair-sets-the-field-1280x854.jpg 1280w\" sizes=\"auto, (max-width: 1600px) 100vw, 1600px\" \/><\/p>\n<p>Since you have low self-esteem, you constantly think that you don\u2019t fit in with other people. You don\u2019t feel as worthy as they are and that\u2019s why you like to spend time alone. In that way, nobody can hurt you with their actions and you feel safe, that nothing bad will happen to you.<\/p>\n<h2 class=\"numbered-headline\">You can\u2019t find a valid reason for your unhappiness<\/h2>\n<p><img loading=\"lazy\" decoding=\"async\" class=\"size-full wp-image-122040 aligncenter\" src=\"https:\/\/herway.net\/wp-content\/uploads\/2018\/04\/a-woman-with-long-brown-hair-stands.jpg\" alt=\"uma mulher de cabelo castanho comprido est\u00e1 de p\u00e9\" width=\"1600\" height=\"1068\" srcset=\"https:\/\/herway.net\/wp-content\/uploads\/2018\/04\/a-woman-with-long-brown-hair-stands.jpg 1600w, https:\/\/herway.net\/wp-content\/uploads\/2018\/04\/a-woman-with-long-brown-hair-stands-300x200.jpg 300w, https:\/\/herway.net\/wp-content\/uploads\/2018\/04\/a-woman-with-long-brown-hair-stands-1024x684.jpg 1024w, https:\/\/herway.net\/wp-content\/uploads\/2018\/04\/a-woman-with-long-brown-hair-stands-768x513.jpg 768w, https:\/\/herway.net\/wp-content\/uploads\/2018\/04\/a-woman-with-long-brown-hair-stands-1536x1025.jpg 1536w, https:\/\/herway.net\/wp-content\/uploads\/2018\/04\/a-woman-with-long-brown-hair-stands-150x100.jpg 150w, https:\/\/herway.net\/wp-content\/uploads\/2018\/04\/a-woman-with-long-brown-hair-stands-720x481.jpg 720w, https:\/\/herway.net\/wp-content\/uploads\/2018\/04\/a-woman-with-long-brown-hair-stands-1280x854.jpg 1280w\" sizes=\"auto, (max-width: 1600px) 100vw, 1600px\" \/><\/p>\n<p>Do you sometimes catch yourself feeling unhappy but you actually don\u2019t know why? You feel like something is missing in your life and you need that small thing to be happy. So, you stuck with anxiety and depression and you make more problems in your life. If you feel this way, just know that you were probably emotionally neglected in your childhood and that you have consequences now when you are an adult.<\/p>\n<h2>Sente-se culpado por tudo o que lhe acontece de mau<\/h2>\n<p><img loading=\"lazy\" decoding=\"async\" class=\"size-full wp-image-122041 aligncenter\" src=\"https:\/\/herway.net\/wp-content\/uploads\/2018\/04\/a-woman-with-long-black-hair-with-a-hat-on-her-head.jpg\" alt=\"uma mulher de cabelo preto comprido com um chap\u00e9u na cabe\u00e7a\" width=\"1600\" height=\"1068\" srcset=\"https:\/\/herway.net\/wp-content\/uploads\/2018\/04\/a-woman-with-long-black-hair-with-a-hat-on-her-head.jpg 1600w, https:\/\/herway.net\/wp-content\/uploads\/2018\/04\/a-woman-with-long-black-hair-with-a-hat-on-her-head-300x200.jpg 300w, https:\/\/herway.net\/wp-content\/uploads\/2018\/04\/a-woman-with-long-black-hair-with-a-hat-on-her-head-1024x684.jpg 1024w, https:\/\/herway.net\/wp-content\/uploads\/2018\/04\/a-woman-with-long-black-hair-with-a-hat-on-her-head-768x513.jpg 768w, https:\/\/herway.net\/wp-content\/uploads\/2018\/04\/a-woman-with-long-black-hair-with-a-hat-on-her-head-1536x1025.jpg 1536w, https:\/\/herway.net\/wp-content\/uploads\/2018\/04\/a-woman-with-long-black-hair-with-a-hat-on-her-head-150x100.jpg 150w, https:\/\/herway.net\/wp-content\/uploads\/2018\/04\/a-woman-with-long-black-hair-with-a-hat-on-her-head-720x481.jpg 720w, https:\/\/herway.net\/wp-content\/uploads\/2018\/04\/a-woman-with-long-black-hair-with-a-hat-on-her-head-1280x854.jpg 1280w\" sizes=\"auto, (max-width: 1600px) 100vw, 1600px\" \/><\/p>\n<p>You somehow feel that everything bad that happens to you has something to do with your actions. You think that you made mistakes and that because of that, you can\u2019t succeed in achieving your goals. What you don\u2019t know is that you can\u2019t be the only one to blame because there are a lot of factors in life that can ruin our dreams. So, don\u2019t be too harsh on yourself and try to work on the things you think you need to. The rest actually doesn\u2019t depend on you.<\/p>\n<p>&nbsp;<\/p>\n<p><img loading=\"lazy\" decoding=\"async\" class=\"size-full wp-image-122042 aligncenter\" src=\"https:\/\/herway.net\/wp-content\/uploads\/2018\/04\/8-Signs-You-Were-Emotionally-Neglected-As-A-Child-And-How-It-Affects-You-Now-pinterest-1.jpg\" alt=\"8 sinais de que voc\u00ea foi emocionalmente negligenciado quando crian\u00e7a (e como isso o afeta agora)\" width=\"1000\" height=\"1500\" srcset=\"https:\/\/herway.net\/wp-content\/uploads\/2018\/04\/8-Signs-You-Were-Emotionally-Neglected-As-A-Child-And-How-It-Affects-You-Now-pinterest-1.jpg 1000w, https:\/\/herway.net\/wp-content\/uploads\/2018\/04\/8-Signs-You-Were-Emotionally-Neglected-As-A-Child-And-How-It-Affects-You-Now-pinterest-1-200x300.jpg 200w, https:\/\/herway.net\/wp-content\/uploads\/2018\/04\/8-Signs-You-Were-Emotionally-Neglected-As-A-Child-And-How-It-Affects-You-Now-pinterest-1-683x1024.jpg 683w, https:\/\/herway.net\/wp-content\/uploads\/2018\/04\/8-Signs-You-Were-Emotionally-Neglected-As-A-Child-And-How-It-Affects-You-Now-pinterest-1-768x1152.jpg 768w, https:\/\/herway.net\/wp-content\/uploads\/2018\/04\/8-Signs-You-Were-Emotionally-Neglected-As-A-Child-And-How-It-Affects-You-Now-pinterest-1-150x225.jpg 150w\" sizes=\"auto, (max-width: 1000px) 100vw, 1000px\" \/><\/p>","protected":false},"excerpt":{"rendered":"<p>When you don\u2019t get what you need in your childhood, it can affect your adulthood in negative ways. If your parents missed all your signs for help and if they didn\u2019t give you all the love and affection that you craved as a child, it is normal that behavior like that will leave deep scars&#8230;<\/p>","protected":false},"author":21,"featured_media":122018,"comment_status":"closed","ping_status":"open","sticky":false,"template":"","format":"standard","meta":{"_kad_blocks_custom_css":"","_kad_blocks_head_custom_js":"","_kad_blocks_body_custom_js":"","_kad_blocks_footer_custom_js":"","_kadence_starter_templates_imported_post":false,"_kad_post_transparent":"","_kad_post_title":"","_kad_post_layout":"","_kad_post_sidebar_id":"","_kad_post_content_style":"","_kad_post_vertical_padding":"","_kad_post_feature":"","_kad_post_feature_position":"","_kad_post_header":false,"_kad_post_footer":false,"footnotes":""},"categories":[29632],"tags":[],"class_list":["post-17797","post","type-post","status-publish","format-standard","has-post-thumbnail","hentry","category-abuse-and-trauma"],"taxonomy_info":{"category":[{"value":29632,"label":"abuse &amp; trauma"}]},"featured_image_src_large":["https:\/\/herway.net\/wp-content\/uploads\/2018\/04\/8-Signs-You-Were-Emotionally-Neglected-As-A-Child-And-How-It-Affects-You-Now-1024x684.jpg",1024,684,true],"author_info":{"display_name":"Maria Parker","author_link":"https:\/\/herway.net\/pt\/author\/maria\/"},"comment_info":0,"category_info":[{"term_id":29632,"name":"abuse &amp; trauma","slug":"abuse-and-trauma","term_group":0,"term_taxonomy_id":29632,"taxonomy":"category","description":"Learn the signs of emotional and physical abuse and how to protect yourself from toxic patterns in relationships with your partner, friends or family.","parent":22911,"count":138,"filter":"raw","cat_ID":29632,"category_count":138,"category_description":"Learn the signs of emotional and physical abuse and how to protect yourself from toxic patterns in relationships with your partner, friends or family.","cat_name":"abuse &amp; trauma","category_nicename":"abuse-and-trauma","category_parent":22911}],"tag_info":false,"_links":{"self":[{"href":"https:\/\/herway.net\/pt\/wp-json\/wp\/v2\/posts\/17797","targetHints":{"allow":["GET"]}}],"collection":[{"href":"https:\/\/herway.net\/pt\/wp-json\/wp\/v2\/posts"}],"about":[{"href":"https:\/\/herway.net\/pt\/wp-json\/wp\/v2\/types\/post"}],"author":[{"embeddable":true,"href":"https:\/\/herway.net\/pt\/wp-json\/wp\/v2\/users\/21"}],"replies":[{"embeddable":true,"href":"https:\/\/herway.net\/pt\/wp-json\/wp\/v2\/comments?post=17797"}],"version-history":[{"count":0,"href":"https:\/\/herway.net\/pt\/wp-json\/wp\/v2\/posts\/17797\/revisions"}],"wp:featuredmedia":[{"embeddable":true,"href":"https:\/\/herway.net\/pt\/wp-json\/wp\/v2\/media\/122018"}],"wp:attachment":[{"href":"https:\/\/herway.net\/pt\/wp-json\/wp\/v2\/media?parent=17797"}],"wp:term":[{"taxonomy":"category","embeddable":true,"href":"https:\/\/herway.net\/pt\/wp-json\/wp\/v2\/categories?post=17797"},{"taxonomy":"post_tag","embeddable":true,"href":"https:\/\/herway.net\/pt\/wp-json\/wp\/v2\/tags?post=17797"}],"curies":[{"name":"wp","href":"https:\/\/api.w.org\/{rel}","templated":true}]}}